{"id":1623,"date":"2025-09-22T19:41:53","date_gmt":"2025-09-22T17:41:53","guid":{"rendered":"https:\/\/incia.u-bordeaux.fr\/fr\/2025\/09\/22\/lequipe-ecopsy-incia-laureate-du-programme-hubert-curien\/"},"modified":"2025-09-23T13:46:24","modified_gmt":"2025-09-23T11:46:24","slug":"lequipe-ecopsy-incia-laureate-du-programme-hubert-curien","status":"publish","type":"post","link":"https:\/\/incia.u-bordeaux.fr\/fr\/2025\/09\/22\/lequipe-ecopsy-incia-laureate-du-programme-hubert-curien\/","title":{"rendered":"L&rsquo;\u00e9quipe Ecopsy (INCIA) laur\u00e9ate du programme Hubert Curien"},"content":{"rendered":"<p><img loading=\"lazy\" decoding=\"async\" class=\"alignright  wp-image-188180\" src=\"https:\/\/www.bordeaux-neurocampus.fr\/wp-content\/uploads\/2025\/09\/hubert-curien-lereduit.jpg\" alt=\"\" width=\"232\" height=\"112\" \/>Igor Sibon et Sylvie Berthoz, responsables de l&rsquo;<a href=\"\/?p=56880\">\u00e9quipe Ecopsy<\/a> \u00e0 l&rsquo;INCIA, et Bibi Aliya Seelarbokus, doctorante dans l&rsquo;\u00e9quipe, sont laur\u00e9ats du Partenariat Hubert Curien Le R\u00e9duit, avec l&rsquo;Ile Maurice, et pour l&rsquo;amor\u00e7age d&rsquo;une collaboration avec les Drs Marie France San Chun et Imteaz Mahomadhosen, du <a href=\"https:\/\/www.uom.ac.mu\/fmhs\/index.php\/departments\/medicine-department\">D\u00e9partement de m\u00e9decine \u00e0 l&rsquo;universit\u00e9 de Maurice<\/a>.<\/p>\n<p><a href=\"https:\/\/tertiaryeducation.govmu.org\/te\/wp-content\/uploads\/2025\/08\/CommuniqueDePresse-5eme-comite-mixte.pdf\"><strong>Voir le communiqu\u00e9 de presse<\/strong><\/a><\/p>\n<h3>Leur projet<\/h3>\n<p><strong>Titre :<\/strong> Besoins non satisfaits dans la prise en charge des AVC et pr\u00e9vention secondaire<\/p>\n<p>(<span lang=\"EN-GB\">Unmet Needs in Stroke Management &amp; Secondary Prevention)<\/span><\/p>\n<p><strong>R\u00e9sum\u00e9 :\u00a0<\/strong><\/p>\n<p>Selon le rapport de l\u2019\u00e9tude Global Burden of Diseases, Injuries, and Risk Factors Study (GBD), en 2019, environ 12,2 millions de cas d\u2019AVC ont \u00e9t\u00e9 recens\u00e9s, entra\u00eenant 143 millions d\u2019ann\u00e9es de vie ajust\u00e9es sur l\u2019incapacit\u00e9 (AVAI) et 6,55 millions de d\u00e9c\u00e8s. Par cons\u00e9quent, malgr\u00e9 d\u2019importantes campagnes d\u2019information internationales et l\u2019am\u00e9lioration spectaculaire r\u00e9cente de la prise en charge des AVC aigus, les AVC sont rest\u00e9s la deuxi\u00e8me cause de d\u00e9c\u00e8s et la troisi\u00e8me cause de d\u00e9c\u00e8s et d\u2019invalidit\u00e9 combin\u00e9s en 2019. Compte tenu de la d\u00e9tresse caus\u00e9e aux patients et \u00e0 leurs familles, en plus des co\u00fbts sanitaires et sociaux, la mise en \u0153uvre de plans d\u2019action en mati\u00e8re de sant\u00e9 publique repr\u00e9sente une priorit\u00e9 de recherche. Il convient de noter que, si les progr\u00e8s r\u00e9cents dans le traitement de la phase aigu\u00eb ont consid\u00e9rablement am\u00e9lior\u00e9 les r\u00e9sultats fonctionnels apr\u00e8s un AVC, les troubles neuropsychiatriques post-AVC et la gestion du mode de vie continuent de contribuer au lourd fardeau que repr\u00e9sentent les AVC. Bien que les recommandations internationales sur les AVC reconnaissent la n\u00e9cessit\u00e9 d\u2019\u00e9valuer et de prendre en charge les complications neuropsychiatriques, il existe encore des \u00e9carts importants entre ces recommandations et leur mise en \u0153uvre. Compte tenu du manque d\u2019\u00e9tudes ax\u00e9es principalement sur la pr\u00e9vention secondaire des AVC, d\u2019importants besoins non satisfaits persistent dans la pratique clinique. Il est important de noter que, dans le cadre du pr\u00e9sent projet collaboratif, les donn\u00e9es accumul\u00e9es mettent en \u00e9vidence des in\u00e9galit\u00e9s majeures dans la prise en charge et le pronostic des AVC, avec des disparit\u00e9s g\u00e9ographiques, sociod\u00e9mographiques (par exemple, sexe\/genre, origine ethnique), socio-\u00e9conomiques (par exemple, couverture d\u2019assurance), \u00e9ducatives (par exemple, lacunes dans les connaissances et litt\u00e9ratie en sant\u00e9) et\/ou organisationnelles. Notre projet vise \u00e0 r\u00e9duire les in\u00e9galit\u00e9s dans la prise en charge et le pronostic des AVC en s\u2019attaquant aux disparit\u00e9s potentielles au niveau individuel, organisationnel et culturel.<\/p>\n<p>L\u2019objectif ultime de ce projet collaboratif est donc de permettre le d\u00e9veloppement d\u2019interventions centr\u00e9es sur le patient et pertinentes au niveau international pour les victimes d\u2019un AVC.<\/p>\n","protected":false},"excerpt":{"rendered":"<p>Pour l&rsquo;amor\u00e7age d&rsquo;une collaboration avec University of Mauritius.<\/p>\n","protected":false},"author":10,"featured_media":1624,"comment_status":"open","ping_status":"open","sticky":false,"template":"","format":"standard","meta":{"footnotes":""},"categories":[19],"tags":[],"class_list":["post-1623","post","type-post","status-publish","format-standard","has-post-thumbnail","hentry","category-awards"],"_links":{"self":[{"href":"https:\/\/incia.u-bordeaux.fr\/fr\/wp-json\/wp\/v2\/posts\/1623","targetHints":{"allow":["GET"]}}],"collection":[{"href":"https:\/\/incia.u-bordeaux.fr\/fr\/wp-json\/wp\/v2\/posts"}],"about":[{"href":"https:\/\/incia.u-bordeaux.fr\/fr\/wp-json\/wp\/v2\/types\/post"}],"author":[{"embeddable":true,"href":"https:\/\/incia.u-bordeaux.fr\/fr\/wp-json\/wp\/v2\/users\/10"}],"replies":[{"embeddable":true,"href":"https:\/\/incia.u-bordeaux.fr\/fr\/wp-json\/wp\/v2\/comments?post=1623"}],"version-history":[{"count":2,"href":"https:\/\/incia.u-bordeaux.fr\/fr\/wp-json\/wp\/v2\/posts\/1623\/revisions"}],"predecessor-version":[{"id":1637,"href":"https:\/\/incia.u-bordeaux.fr\/fr\/wp-json\/wp\/v2\/posts\/1623\/revisions\/1637"}],"wp:featuredmedia":[{"embeddable":true,"href":"https:\/\/incia.u-bordeaux.fr\/fr\/wp-json\/wp\/v2\/media\/1624"}],"wp:attachment":[{"href":"https:\/\/incia.u-bordeaux.fr\/fr\/wp-json\/wp\/v2\/media?parent=1623"}],"wp:term":[{"taxonomy":"category","embeddable":true,"href":"https:\/\/incia.u-bordeaux.fr\/fr\/wp-json\/wp\/v2\/categories?post=1623"},{"taxonomy":"post_tag","embeddable":true,"href":"https:\/\/incia.u-bordeaux.fr\/fr\/wp-json\/wp\/v2\/tags?post=1623"}],"curies":[{"name":"wp","href":"https:\/\/api.w.org\/{rel}","templated":true}]}}