{"id":1933,"date":"2026-02-28T12:36:49","date_gmt":"2026-02-28T11:36:49","guid":{"rendered":"https:\/\/incia.u-bordeaux.fr\/fr\/2026\/02\/28\/laureats-de-laap-travel-grants-2026\/"},"modified":"2026-03-02T22:35:49","modified_gmt":"2026-03-02T21:35:49","slug":"laureats-de-laap-travel-grants-2026","status":"publish","type":"post","link":"https:\/\/incia.u-bordeaux.fr\/fr\/2026\/02\/28\/laureats-de-laap-travel-grants-2026\/","title":{"rendered":"Laur\u00e9ats de l\u2019AAP \u00ab\u00a0Travel Grants\u00a0\u00bb 2026"},"content":{"rendered":"<p>Le conseil de d\u00e9partement de Bordeaux Neurocampus du 26 f\u00e9vrier 2026 a s\u00e9lectionn\u00e9 les laur\u00e9ates et laur\u00e9ats de l\u2019AAP \u00ab\u00a0Travel grants\u00a0\u00bb 2026, \u00e0 destination des doctorant\u00b7e\u00b7s et post-doctorant\u00b7e\u00b7s.<\/p>\n<p><a href=\"\/?p=190763\"><strong>Voir l\u2019appel \u00e0 projet<\/strong><\/a><\/p>\n<p>Les personnes ayant remport\u00e9 une bourse sont (par ordre alphab\u00e9tique du nom de famille) :<\/p>\n<p><strong>Estelle CARTIER<\/strong><br \/>\nDoctorante<br \/>\nDirectrice de th\u00e8se : Emilie Pacary<br \/>\nEquipe Abrous (Neurocentre Magendie)<\/p>\n<p><strong>Chantal DELAQUIS<br \/>\n<\/strong>Doctorante<br \/>\nDirectrice de th\u00e8se : Sylvie Berthoz<br \/>\nEquipe Berthoz \/ Sibon (INCIA)<\/p>\n<p><strong>Riom FAYAD<\/strong><br \/>\nDoctorante<br \/>\nDirecteur de th\u00e8se : Francis Chaouloff<br \/>\nEquipe Marsicano (Neurocentre Magendie)<\/p>\n<p><strong>Alba GARCIA BAOS<\/strong><br \/>\nPost-doc<br \/>\nMentor : Fran\u00e7ois Georges<br \/>\nEquipe Baufreton \/ Georges (IMN)<\/p>\n<p><strong>Zo\u00e9 GRIVET<\/strong><br \/>\nPost-doctorante<br \/>\nMentor : Cyril Dejean<br \/>\nEquipe Herry (Neurocentre Magendie)<\/p>\n<p><strong>Carmen GUERRERO-MARQUEZ<\/strong><br \/>\nDoctorante<br \/>\nDirecteur de th\u00e8se : Arthur Leblois<br \/>\nEquipe Leblois \/ Mallet (IMN)<\/p>\n<p><strong>Aroa MANAS OJEDA<br \/>\n<\/strong>Post-doctorante<br \/>\nMentor : Muriel Koehl<br \/>\nEquipe Abrous (Neurocentre Magendie)<\/p>\n<p><strong>Camille MERGAUX<br \/>\n<\/strong>Doctorante<br \/>\nDirecteur de th\u00e8se : Laurent Groc<br \/>\nEquipe Groc (IINS)<\/p>\n<p><strong>Daria RICCI<br \/>\n<\/strong>Doctorante<br \/>\nDirectrice de th\u00e8se : Anna Beyeler<br \/>\nEquipe Beyeler (Neurocentre Magendie)<\/p>\n<p><strong>Rui RODRIGUES<\/strong><br \/>\nPost-doctorant<br \/>\nMentors : Luigi Bellocchio \/ Giovanni Marsicano<br \/>\nEquipe Marsicano (Neurocentre Magendie)<\/p>\n<p><strong>L\u00e9a VILLETELLE<br \/>\n<\/strong>Doctorante<br \/>\nDirecteur de th\u00e8se : Olivier Nicole<br \/>\nEquipe Groc (IINS)<\/p>\n","protected":false},"excerpt":{"rendered":"<p>1 \u00e9tudiante de l&rsquo;INCIA<\/p>\n","protected":false},"author":10,"featured_media":1934,"comment_status":"closed","ping_status":"closed","sticky":false,"template":"","format":"standard","meta":{"footnotes":""},"categories":[2],"tags":[],"class_list":["post-1933","post","type-post","status-publish","format-standard","has-post-thumbnail","hentry","category-non-classifiee"],"_links":{"self":[{"href":"https:\/\/incia.u-bordeaux.fr\/fr\/wp-json\/wp\/v2\/posts\/1933","targetHints":{"allow":["GET"]}}],"collection":[{"href":"https:\/\/incia.u-bordeaux.fr\/fr\/wp-json\/wp\/v2\/posts"}],"about":[{"href":"https:\/\/incia.u-bordeaux.fr\/fr\/wp-json\/wp\/v2\/types\/post"}],"author":[{"embeddable":true,"href":"https:\/\/incia.u-bordeaux.fr\/fr\/wp-json\/wp\/v2\/users\/10"}],"replies":[{"embeddable":true,"href":"https:\/\/incia.u-bordeaux.fr\/fr\/wp-json\/wp\/v2\/comments?post=1933"}],"version-history":[{"count":2,"href":"https:\/\/incia.u-bordeaux.fr\/fr\/wp-json\/wp\/v2\/posts\/1933\/revisions"}],"predecessor-version":[{"id":1944,"href":"https:\/\/incia.u-bordeaux.fr\/fr\/wp-json\/wp\/v2\/posts\/1933\/revisions\/1944"}],"wp:featuredmedia":[{"embeddable":true,"href":"https:\/\/incia.u-bordeaux.fr\/fr\/wp-json\/wp\/v2\/media\/1934"}],"wp:attachment":[{"href":"https:\/\/incia.u-bordeaux.fr\/fr\/wp-json\/wp\/v2\/media?parent=1933"}],"wp:term":[{"taxonomy":"category","embeddable":true,"href":"https:\/\/incia.u-bordeaux.fr\/fr\/wp-json\/wp\/v2\/categories?post=1933"},{"taxonomy":"post_tag","embeddable":true,"href":"https:\/\/incia.u-bordeaux.fr\/fr\/wp-json\/wp\/v2\/tags?post=1933"}],"curies":[{"name":"wp","href":"https:\/\/api.w.org\/{rel}","templated":true}]}}