{"id":1954,"date":"2026-03-12T11:35:13","date_gmt":"2026-03-12T10:35:13","guid":{"rendered":"https:\/\/incia.u-bordeaux.fr\/fr\/2026\/03\/12\/les-travaux-danouck-amestoy-en-bd\/"},"modified":"2026-03-12T14:30:42","modified_gmt":"2026-03-12T13:30:42","slug":"les-travaux-danouck-amestoy-en-bd","status":"publish","type":"post","link":"https:\/\/incia.u-bordeaux.fr\/fr\/2026\/03\/12\/les-travaux-danouck-amestoy-en-bd\/","title":{"rendered":"Les travaux d&rsquo;Anouck Amestoy en BD"},"content":{"rendered":"<p><a href=\"https:\/\/cdn-neurocampus.onlc.eu\/wp-content\/uploads\/2026\/03\/pepr-propsy-bd-clementinetoutcourt.jpg\"><img loading=\"lazy\" decoding=\"async\" class=\"alignright  wp-image-195769\" src=\"https:\/\/cdn-neurocampus.onlc.eu\/wp-content\/uploads\/2026\/03\/pepr-propsy-bd-clementinetoutcourt-360x360.jpg\" alt=\"\" width=\"267\" height=\"267\" \/><\/a>\u00c0 l\u2019occasion de la Journ\u00e9e internationale des droits des femmes, le 8 mars, le PEPR ProPsy a mis \u00e0 l\u2019honneur des talents f\u00e9minins d\u00e9di\u00e9s \u00e0 la recherche en sant\u00e9, pour leur contribution majeure \u00e0 l&rsquo;am\u00e9lioration des conditions de vie des patients et de la soci\u00e9t\u00e9.<\/p>\n<p><strong>Anouck <\/strong><span id=\"DWT1097\" class=\"ZmSearchResult\"><span id=\"DWT1120\" class=\"ZmSearchResult\"><strong>Amestoy <\/strong><\/span><\/span>est psychiatre pour enfants et adolescents au Centre Hospitalier Charles Perrens, professeure \u00e0 l\u2019Universit\u00e9 de Bordeaux et chercheuse \u00e0 l\u2019INCIA. Elle dirige un centre d\u2019excellence d\u00e9di\u00e9 aux troubles du neuro-d\u00e9veloppement et coordonne un Centre Ressources Autisme (CRA).<\/p>\n<p>Cette BD est illustr\u00e9e par Cl\u00e9mentine tout court, et financ\u00e9e par le programme de recherche en psychiatrie de pr\u00e9cision PEPR PROPSY, copilot\u00e9 par l\u2019Inserm et le CNRS.<\/p>\n<p><a href=\"https:\/\/www.calameo.com\/read\/00515445046f9eb718455\"><strong>Voir la BD<\/strong><\/a><\/p>\n","protected":false},"excerpt":{"rendered":"<p>Projet du PEPR PROPSY<\/p>\n","protected":false},"author":10,"featured_media":1955,"comment_status":"closed","ping_status":"closed","sticky":false,"template":"","format":"standard","meta":{"footnotes":""},"categories":[2],"tags":[],"class_list":["post-1954","post","type-post","status-publish","format-standard","has-post-thumbnail","hentry","category-non-classifiee"],"_links":{"self":[{"href":"https:\/\/incia.u-bordeaux.fr\/fr\/wp-json\/wp\/v2\/posts\/1954","targetHints":{"allow":["GET"]}}],"collection":[{"href":"https:\/\/incia.u-bordeaux.fr\/fr\/wp-json\/wp\/v2\/posts"}],"about":[{"href":"https:\/\/incia.u-bordeaux.fr\/fr\/wp-json\/wp\/v2\/types\/post"}],"author":[{"embeddable":true,"href":"https:\/\/incia.u-bordeaux.fr\/fr\/wp-json\/wp\/v2\/users\/10"}],"replies":[{"embeddable":true,"href":"https:\/\/incia.u-bordeaux.fr\/fr\/wp-json\/wp\/v2\/comments?post=1954"}],"version-history":[{"count":1,"href":"https:\/\/incia.u-bordeaux.fr\/fr\/wp-json\/wp\/v2\/posts\/1954\/revisions"}],"predecessor-version":[{"id":1957,"href":"https:\/\/incia.u-bordeaux.fr\/fr\/wp-json\/wp\/v2\/posts\/1954\/revisions\/1957"}],"wp:featuredmedia":[{"embeddable":true,"href":"https:\/\/incia.u-bordeaux.fr\/fr\/wp-json\/wp\/v2\/media\/1955"}],"wp:attachment":[{"href":"https:\/\/incia.u-bordeaux.fr\/fr\/wp-json\/wp\/v2\/media?parent=1954"}],"wp:term":[{"taxonomy":"category","embeddable":true,"href":"https:\/\/incia.u-bordeaux.fr\/fr\/wp-json\/wp\/v2\/categories?post=1954"},{"taxonomy":"post_tag","embeddable":true,"href":"https:\/\/incia.u-bordeaux.fr\/fr\/wp-json\/wp\/v2\/tags?post=1954"}],"curies":[{"name":"wp","href":"https:\/\/api.w.org\/{rel}","templated":true}]}}