{"id":888,"date":"2024-12-06T16:31:11","date_gmt":"2024-12-06T15:31:11","guid":{"rendered":"https:\/\/incia.onlinecreation.fr\/?p=888"},"modified":"2025-02-11T13:11:42","modified_gmt":"2025-02-11T12:11:42","slug":"incia-presentation-des-equipes-ecopsy-et-swan","status":"publish","type":"post","link":"https:\/\/incia.u-bordeaux.fr\/fr\/2024\/12\/06\/incia-presentation-des-equipes-ecopsy-et-swan\/","title":{"rendered":"INCIA : pr\u00e9sentation des \u00e9quipes EcoPsy et SWAN"},"content":{"rendered":"<div id=\"attachment_160792\" style=\"width: 370px\" class=\"wp-caption alignright\"><a href=\"https:\/\/www.bordeaux-neurocampus.fr\/wp-content\/uploads\/0202\/06\/swan-ecopsy-DSC_2907.jpg\"><img loading=\"lazy\" decoding=\"async\" aria-describedby=\"caption-attachment-160792\" class=\"wp-image-160792 size-medium\" src=\"https:\/\/www.bordeaux-neurocampus.fr\/wp-content\/uploads\/0202\/06\/swan-ecopsy-DSC_2907-360x264.jpg\" alt=\"\" width=\"360\" height=\"264\" \/><\/a><p id=\"caption-attachment-160792\" class=\"wp-caption-text\">De gauche \u00e0 droite : Igor Sibon, Sylvie Berthoz, Gw\u00e9na\u00eblle Catheline<\/p><\/div>\n<p>Joel Swendsen, d\u00e9c\u00e9d\u00e9 brutalement le 14 juillet 2022 (<a href=\"\/?p=158052\">lire le communiqu\u00e9<\/a>), codirigeait alors l&rsquo;\u00e9quipe NeuroCOG (Neuroimaging and human cognition) avec Igor Sibon.<\/p>\n<p>Joel Swendsen a \u00e9t\u00e9 un pionnier dans le d\u00e9veloppement des technologies mobiles pour surmonter les principales limitations des paradigmes de recherche traditionnels dans le domaine des troubles mentaux, y compris les troubles de l&rsquo;humeur et de l&rsquo;anxi\u00e9t\u00e9, les psychoses et les addictions.<\/p>\n<p>Suite \u00e0 son d\u00e9c\u00e8s, deux \u00e9quipes ont \u00e9merg\u00e9 de NeuroCOG. Pr\u00e9sentation.<\/p>\n<h2>Equipe EcoPsy<\/h2>\n<p><em><strong>Ecological assessment and management of psychiatric disorders<\/strong><\/em> (Evaluation et prise en charge \u00e9cologiques des troubles psychiatriques).<\/p>\n<p>Equipe codirig\u00e9e par <strong>Sylvie Berthoz<\/strong>, chercheuse \u00e0 l&rsquo;Inserm, et <strong>Igor Sibon<\/strong>, neurologue, PUPH.<\/p>\n<p>La litt\u00e9rature scientifique se pr\u00e9occupe de plus en plus de la validit\u00e9 \u00e9cologique et des implications dans la vie quotidienne des \u00e9valuations administr\u00e9es en milieu m\u00e9dical. Une part consid\u00e9rable des travaux de l&rsquo;\u00e9quipe a donc \u00e9t\u00e9 consacr\u00e9e au d\u00e9veloppement de techniques ambulatoires utilisant des appareils \u00e9lectroniques portables pour recueillir des informations sur les comportements, les exp\u00e9riences et les sympt\u00f4mes tels qu&rsquo;ils sont v\u00e9cus dans la vie quotidienne, c&rsquo;est-\u00e0-dire le ph\u00e9notypage num\u00e9rique. Ces informations compl\u00e8tent les r\u00e9sultats des tests cliniques standardis\u00e9s et renforcent notre compr\u00e9hension des marqueurs neurophysiologiques identifi\u00e9s par la neuroimagerie. Combin\u00e9es, ces approches permettent de caract\u00e9riser les facteurs pr\u00e9dictifs de l&rsquo;apparition des troubles du SNC et de la trajectoire de gu\u00e9rison, ainsi que leurs corr\u00e9lats anatomo-fonctionnels. En outre, le suivi ambulatoire permet \u00e9galement de fournir un soutien juste \u00e0 temps bas\u00e9 sur des r\u00e9ponses d&rsquo;\u00e9valuation en temps r\u00e9el, c&rsquo;est-\u00e0-dire des soins de sant\u00e9 num\u00e9riques. Ces derni\u00e8res ann\u00e9es, nous avons d\u00e9velopp\u00e9 des programmes de soins de sant\u00e9 num\u00e9riques sur mesure pour la gestion des troubles de l&rsquo;humeur et de l&rsquo;anxi\u00e9t\u00e9 et des addictions chez les patients victimes d&rsquo;un accident vasculaire c\u00e9r\u00e9bral ou d&rsquo;une maladie psychiatrique.<\/p>\n<p>L&rsquo;\u00e9quipe est soutenue par quatre chercheurs associ\u00e9s seniors (<strong>Pr Melina Fatseas<\/strong> : Chef du service d&rsquo;addictologie du CHU de Bordeaux ; <strong>Dr David Misdrahi<\/strong> : Psychiatre, praticien hospitalier ; <strong>Dr. Sharmila Sagnier<\/strong>, Neurologue, praticien hospitalier ; <strong>Micha Pfeuty<\/strong> : Assistant Professor in Cognitive and Affective Neuroscience), un ing\u00e9nieur de recherche (<strong>Pierre Schweitzer<\/strong>) et un ing\u00e9nieur clinicien hospitalier (<strong>Arnaud Tessier<\/strong>). Une doctorante, <strong>Chantal Delaquis<\/strong>, y soutient actuellement sa th\u00e8se.<\/p>\n<p><a href=\"\/?p=56880\">En savoir plus (s\u00e9lection de publications&#8230;)<\/a><\/p>\n<h2>Equipe SWAN<\/h2>\n<p><em><strong>Sleep\/Wake, Aging, Neuroimaging<\/strong> <\/em>(Sommeil\/\u00e9veil, Vieilllisement et Neuroimagerie)<\/p>\n<p>Equipe dirig\u00e9e par <strong><a href=\"\/?p=80054\">Gw\u00e9na\u00eblle Catheline<\/a><\/strong>, directrice d&rsquo;\u00e9tudes \u00e0 l&rsquo;EPHE.<\/p>\n<p>L&rsquo;un des objectifs de notre recherche est d&rsquo;examiner l&rsquo;impact des troubles du sommeil et du cycle veille\/sommeil sur le fonctionnement diurne afin d&rsquo;\u00e9lucider l&rsquo;\u00e9tiologie et la pathophysiologie des d\u00e9ficits cognitivo-moteurs li\u00e9s \u00e0 l&rsquo;\u00e2ge. Les sympt\u00f4mes cognitifs et les dysfonctionnements physiologiques sont \u00e9valu\u00e9s dans des \u00e9tudes cliniques mais aussi sur des cohortes en population. Nous appliquons des techniques avanc\u00e9es de neuro-imagerie en utilisant une approche multimodale couplant des techniques d&rsquo;IRM morphologique et fonctionnelle et une \u00e9valuation de la vie quotidienne bas\u00e9e sur des dispositifs connect\u00e9s pour le cycle veille\/sommeil (montres actigraphiques) et pour la cognition (EMA sur smartphone). Plus sp\u00e9cifiquement, les \u00e9valuations en vie quotidiennes permettent d\u2019appr\u00e9hender la variabilit\u00e9 intra-individuelle du fonctionnement physiologique et cognitif\u00a0; nous tentons d\u2019en comprendre les bases anatomo-fonctionnelles en l\u2019analysant au regard des r\u00e9seaux c\u00e9r\u00e9braux.<\/p>\n<p>Les autres membres de cette \u00e9quipe sont : <strong>Ellemarije Altena<\/strong> (MCU, UB), <strong>Elodie Barse<\/strong> (Assistante Ing\u00e9nieure, EPHE), <strong>Caroline Buisson<\/strong> (Attach\u00e9e de Recherche Clinique &#8211; CHU Bordeaux), <strong>Bixente Dilharreguy<\/strong> (Ing\u00e9nieur d\u2019Etudes, CNRS), <strong>Ernesto Sanz-Arigita<\/strong> (Charg\u00e9 de Recherche, UB), <strong>Imad Ghorayeb<\/strong> (MCU-PH, UB) et <strong>Willy Mayo<\/strong> (Charg\u00e9 de Recherche, INSERM).<br \/>\nTrois doctorantes y soutiennent acutellement leur th\u00e8se : <strong>Ana\u00efs Bouvier<\/strong>,<strong> Aurore Jouvencel<\/strong> et <strong>Alice Napias<\/strong>.<\/p>\n<p><a href=\"\/?p=158627\">En savoir plus (s\u00e9lection de publications&#8230;)<\/a><\/p>\n","protected":false},"excerpt":{"rendered":"<p>Ces deux \u00e9quipes ont \u00e9merg\u00e9 de NeuroCOG suite au d\u00e9c\u00e8s de Joel Swendsen en 2022<\/p>\n","protected":false},"author":1,"featured_media":889,"comment_status":"open","ping_status":"open","sticky":false,"template":"","format":"standard","meta":{"footnotes":""},"categories":[2],"tags":[],"class_list":["post-888","post","type-post","status-publish","format-standard","has-post-thumbnail","hentry","category-non-classifiee"],"_links":{"self":[{"href":"https:\/\/incia.u-bordeaux.fr\/fr\/wp-json\/wp\/v2\/posts\/888","targetHints":{"allow":["GET"]}}],"collection":[{"href":"https:\/\/incia.u-bordeaux.fr\/fr\/wp-json\/wp\/v2\/posts"}],"about":[{"href":"https:\/\/incia.u-bordeaux.fr\/fr\/wp-json\/wp\/v2\/types\/post"}],"author":[{"embeddable":true,"href":"https:\/\/incia.u-bordeaux.fr\/fr\/wp-json\/wp\/v2\/users\/1"}],"replies":[{"embeddable":true,"href":"https:\/\/incia.u-bordeaux.fr\/fr\/wp-json\/wp\/v2\/comments?post=888"}],"version-history":[{"count":1,"href":"https:\/\/incia.u-bordeaux.fr\/fr\/wp-json\/wp\/v2\/posts\/888\/revisions"}],"predecessor-version":[{"id":895,"href":"https:\/\/incia.u-bordeaux.fr\/fr\/wp-json\/wp\/v2\/posts\/888\/revisions\/895"}],"wp:featuredmedia":[{"embeddable":true,"href":"https:\/\/incia.u-bordeaux.fr\/fr\/wp-json\/wp\/v2\/media\/889"}],"wp:attachment":[{"href":"https:\/\/incia.u-bordeaux.fr\/fr\/wp-json\/wp\/v2\/media?parent=888"}],"wp:term":[{"taxonomy":"category","embeddable":true,"href":"https:\/\/incia.u-bordeaux.fr\/fr\/wp-json\/wp\/v2\/categories?post=888"},{"taxonomy":"post_tag","embeddable":true,"href":"https:\/\/incia.u-bordeaux.fr\/fr\/wp-json\/wp\/v2\/tags?post=888"}],"curies":[{"name":"wp","href":"https:\/\/api.w.org\/{rel}","templated":true}]}}