{"id":968,"date":"2025-02-03T19:43:47","date_gmt":"2025-02-03T18:43:47","guid":{"rendered":"https:\/\/incia-prod.onlinecreation.pro\/fr\/2025\/02\/03\/gwenaelle-catheline-laureate-du-prix-desmarest\/"},"modified":"2025-02-11T13:11:09","modified_gmt":"2025-02-11T12:11:09","slug":"gwenaelle-catheline-laureate-du-prix-desmarest","status":"publish","type":"post","link":"https:\/\/incia.u-bordeaux.fr\/fr\/2025\/02\/03\/gwenaelle-catheline-laureate-du-prix-desmarest\/","title":{"rendered":"Gwena\u00eblle Catheline laur\u00e9ate du prix Desmarest"},"content":{"rendered":"<p><a href=\"https:\/\/www.bordeaux-neurocampus.fr\/wp-content\/uploads\/2018\/07\/catheline-gwenaelle-DSC_2902-copie-1.jpg\"><img loading=\"lazy\" decoding=\"async\" class=\"alignright size-medium wp-image-179924\" src=\"https:\/\/www.bordeaux-neurocampus.fr\/wp-content\/uploads\/2018\/07\/catheline-gwenaelle-DSC_2902-copie-1-270x360.jpg\" alt=\"\" width=\"270\" height=\"360\" \/><\/a>F\u00e9licitations \u00e0 Gwena\u00eblle Catheline, responsable de l&rsquo;\u00e9quipe SWAN \u00e0 l&rsquo;INCIA, enseignante-chercheuse et directrice d&rsquo;\u00e9tudes \u00e0 l&rsquo;EPHE-PSL, qui s&rsquo;est vue attribuer le prix Desmarest, remis par la fondation Deniker. Son projet de recherche pour sur les <strong>liens entre le cycle Veille\/sommeil et les maladies neurod\u00e9g\u00e9n\u00e9ratives<br \/>\n<\/strong><\/p>\n<h3>Projet<\/h3>\n<p>Il y a une dizaine d\u2019ann\u00e9es, une s\u00e9rie d\u2019\u00e9tude a permis de r\u00e9v\u00e9ler que l\u2019\u00e9limination des d\u00e9chets c\u00e9r\u00e9braux survenait pendant les phases de sommeil. Ces r\u00e9sultats ont permis de mieux comprendre en quoi une mauvaise qualit\u00e9 de sommeil \u00e9tait li\u00e9e aux maladies neurod\u00e9g\u00e9n\u00e9ratives telle que la maladie d\u2019Alzheimer. En effet, ce type de maladie se caract\u00e9rise par une accumulation des d\u00e9chets au niveau c\u00e9r\u00e9bral. Les perturbations du sommeil pourraient provoquer un dysfonctionnement du syst\u00e8me de nettoyage du cerveau. Cette fragilisation du cerveau provoqu\u00e9e par les troubles du sommeil au d\u00e9but du vieillissement pourrait constituer un terrain favorable au d\u00e9veloppement des maladies neurod\u00e9g\u00e9n\u00e9ratives. Dans ce projet, nous rechercherons si une mauvaise qualit\u00e9 du cycle veille\/sommeil est associ\u00e9e avec des marqueurs d\u2019imagerie refl\u00e9tant un dysfonctionnement du syst\u00e8me de nettoyage du cerveau chez 500 volontaires de 55 ans, qui font partie de la cohorte Bcube. Ces volontaires porteront une montre acc\u00e9l\u00e9rom\u00e8tre qui permettra d\u2019\u00e9valuer la dur\u00e9e et la qualit\u00e9 de leur phase d\u2019activit\u00e9\/repos pendant 2 semaines dans leur vie quotidienne, et ils passeront un examen IRM pour mesurer des param\u00e8tres sp\u00e9cifiques du syst\u00e8me de nettoyage du cerveau.<\/p>\n<p><strong><a href=\"https:\/\/fondationpierredeniker.org\/recherche\/prix-desmarest\/\">En savoir plus sur le prix Desmarest<\/a><\/strong><\/p>\n<hr \/>\n<h3>Dans les m\u00e9dias<\/h3>\n<p><a href=\"https:\/\/www.20minutes.fr\/sante\/4134761-20250122-alzheimer-lien-entre-sommeil-maladie-neurodegenerative-etude-penche-question\">Article dans 20 minutes<\/a><\/p>\n<p><a href=\"https:\/\/www.rfi.fr\/fr\/podcasts\/priorit%C3%A9-sant%C3%A9\/20250129-la-goutte\">Entretien sur RFI<\/a> (\u00e0 5 minutes de la fin)<\/p>\n","protected":false},"excerpt":{"rendered":"<p>Remis par la Fondation Deniker<\/p>\n","protected":false},"author":1,"featured_media":969,"comment_status":"open","ping_status":"open","sticky":false,"template":"","format":"standard","meta":{"footnotes":""},"categories":[2],"tags":[],"class_list":["post-968","post","type-post","status-publish","format-standard","has-post-thumbnail","hentry","category-non-classifiee"],"_links":{"self":[{"href":"https:\/\/incia.u-bordeaux.fr\/fr\/wp-json\/wp\/v2\/posts\/968","targetHints":{"allow":["GET"]}}],"collection":[{"href":"https:\/\/incia.u-bordeaux.fr\/fr\/wp-json\/wp\/v2\/posts"}],"about":[{"href":"https:\/\/incia.u-bordeaux.fr\/fr\/wp-json\/wp\/v2\/types\/post"}],"author":[{"embeddable":true,"href":"https:\/\/incia.u-bordeaux.fr\/fr\/wp-json\/wp\/v2\/users\/1"}],"replies":[{"embeddable":true,"href":"https:\/\/incia.u-bordeaux.fr\/fr\/wp-json\/wp\/v2\/comments?post=968"}],"version-history":[{"count":1,"href":"https:\/\/incia.u-bordeaux.fr\/fr\/wp-json\/wp\/v2\/posts\/968\/revisions"}],"predecessor-version":[{"id":970,"href":"https:\/\/incia.u-bordeaux.fr\/fr\/wp-json\/wp\/v2\/posts\/968\/revisions\/970"}],"wp:featuredmedia":[{"embeddable":true,"href":"https:\/\/incia.u-bordeaux.fr\/fr\/wp-json\/wp\/v2\/media\/969"}],"wp:attachment":[{"href":"https:\/\/incia.u-bordeaux.fr\/fr\/wp-json\/wp\/v2\/media?parent=968"}],"wp:term":[{"taxonomy":"category","embeddable":true,"href":"https:\/\/incia.u-bordeaux.fr\/fr\/wp-json\/wp\/v2\/categories?post=968"},{"taxonomy":"post_tag","embeddable":true,"href":"https:\/\/incia.u-bordeaux.fr\/fr\/wp-json\/wp\/v2\/tags?post=968"}],"curies":[{"name":"wp","href":"https:\/\/api.w.org\/{rel}","templated":true}]}}